{"id":1010,"date":"2026-04-21T14:48:25","date_gmt":"2026-04-21T13:48:25","guid":{"rendered":"https:\/\/aniemowilem.pl\/?p=1010"},"modified":"2026-04-21T14:48:31","modified_gmt":"2026-04-21T13:48:31","slug":"czy-hitler-byl-liberalem-2","status":"publish","type":"post","link":"https:\/\/aniemowilem.pl\/?p=1010","title":{"rendered":"Czy Hitler by\u0142 libera\u0142em?"},"content":{"rendered":"\n<p><\/p>\n\n\n\n<p>Tytu\u0142owe pytanie nie jest bynajmniej bardziej prowokacyjne ni\u017c upieranie si\u0119, \u017ce nazizm by\u0142 socjalizmem. Niestety, ale znajomo\u015b\u0107 gospodarczej historii III Rzeszy zbyt cz\u0119sto ogranicza si\u0119 do rozszyfrowania skr\u00f3tu NSDAP co, przyznajmy, nie jest nadmiernie pog\u0142\u0119bion\u0105 metod\u0105 analizy ekonomicznej. Uproszczenia wynikaj\u0105 w szczeg\u00f3lno\u015bci ze sk\u0142onno\u015bci ideologicznych, w tym zw\u0142aszcza z \u0142atwo\u015bci szafowania \u0142atk\u0105 socjalizmu i lewicowo\u015bci, b\u0119d\u0105cej skutkiem dzieci\u0119cej choroby libertarianizmu, kt\u00f3ra niczym ospa wietrzna co jaki\u015b czas odnawia si\u0119 w polskim antysystemie.&nbsp;<\/p>\n\n\n\n<p><\/p>\n\n\n\n<p class=\"has-medium-font-size\"><strong>A mo\u017ce by co\u015b przeczyta\u0107?<\/strong><\/p>\n\n\n\n<p>Winne jest jednak tak\u017ce ub\u00f3stwo \u017ar\u00f3de\u0142, faktycznie bowiem poza naukowym opracowaniem profesora&nbsp;<strong>Czes\u0142awa \u0141uczaka<\/strong>, wydanym po raz pierwszy jeszcze w latach 80-tych<a href=\"applewebdata:\/\/74C997E2-F756-4AB1-960F-26EEFD6A84FE#_edn1\"><sup>[i]<\/sup><\/a>, ci nieliczni, kt\u00f3rzy zdecydowali si\u0119 co\u015b przeczyta\u0107 o historii gospodarczej Niemiec mogli si\u0119ga\u0107 po artyku\u0142y dra hab.&nbsp;<strong>Zbigniewa Klimiuka,<\/strong>&nbsp;profesora Instytutu Pracy i Spraw Socjalnych<a href=\"applewebdata:\/\/74C997E2-F756-4AB1-960F-26EEFD6A84FE#_edn2\"><sup>[ii]<\/sup><\/a>&nbsp;czy&nbsp;&nbsp;prof.&nbsp;<strong>Marii Zmierczak<\/strong><a href=\"applewebdata:\/\/74C997E2-F756-4AB1-960F-26EEFD6A84FE#_edn3\"><sup>[iii]<\/sup><\/a>&nbsp;(sk\u0105din\u0105d historyka doktryn) i kilkorga innych autor\u00f3w badaj\u0105cych przede wszystkim zakres interwencji pa\u0144stwa w \u017cycie ekonomiczne Niemiec lat 1930-tych i 1940-tych i wp\u0142yw tych proces\u00f3w na niemieckie przygotowania wojenne. W istocie podej\u015bcie to nie odbiega\u0142o zatem od pogl\u0105d\u00f3w&nbsp;<strong>Adama Tooze,<\/strong>&nbsp;wy\u0142o\u017conych przez niego w dw\u00f3ch znanych polskim czytelnikom pracach: \u201e<em>U progu Wielkiego Kryzysu. Wielka Wojna i przebudowa \u015bwiatowego porz\u0105dku<\/em>\u201d<a href=\"applewebdata:\/\/74C997E2-F756-4AB1-960F-26EEFD6A84FE#_edn4\"><sup>[iv]<\/sup><\/a>&nbsp;oraz \u201e<em>Cena zniszczenia. Wzrost i za\u0142amanie nazistowskiej gospodarki<\/em>\u201d<a href=\"applewebdata:\/\/74C997E2-F756-4AB1-960F-26EEFD6A84FE#_edn5\"><sup>[v]<\/sup><\/a>.&nbsp;<\/p>\n\n\n\n<p><\/p>\n\n\n\n<p class=\"has-medium-font-size\"><strong>Rzesza mia\u0142a kapitalist\u00f3w czy kapitali\u015bci mieli Rzesz\u0119?<\/strong><\/p>\n\n\n\n<p><\/p>\n\n\n\n<p>Te rzeczywi\u015bcie znakomite opracowania, daj\u0105ce nie-ekonomistom wgl\u0105d w procesy decyzyjne polityki gospodarczej III Rzeszy, s\u0142u\u017c\u0105 jednak przede wszystkim weryfikacji postawionej na wst\u0119pie przez dra Toozego hipotezy o nadrz\u0119dno\u015bci hitlerowskiej wizji Lebensraumu \u2013 wielkiej niemieckiej przestrzeni \u017cyciowej, w stosunku do wszystkich cz\u0105stkowych dzia\u0142a\u0144 organizuj\u0105cych niemiecki przemys\u0142 i finanse. Tooze zatem, podobnie jak polscy badacze, skupi\u0142 si\u0119 przede wszystkim na tym jakie kroki gospodarcze&nbsp;<strong>Hitlera&nbsp;<\/strong>podejmowane by\u0142y w nadrz\u0119dnym celu ekspansji terytorialnej Rzeszy. Mniej natomiast interesowa\u0142o go sprz\u0119\u017cenie zwrotne, a wi\u0119c&nbsp;<strong>do jakiego stopnia niemiecki imperializm by\u0142 motywowany partykularnymi interesami niemieckiego kapita\u0142u<\/strong>, kt\u00f3ry odnalaz\u0142 w nim metod\u0119 je\u015bli nie maksymalizacji zysk\u00f3w (faktycznie utrudnionych przeregulowaniem niemieckiej gospodarki, w szczeg\u00f3lno\u015bci po 1936 roku), to na pewno skokowej akumulacji kapita\u0142u, kt\u00f3ra nast\u0119powa\u0142a nie tylko i nie przede wszystkim w wyniku interwencji pa\u0144stwa w gospodark\u0119, ale przeciwnie, w wyniku zgrania interes\u00f3w pa\u0144stwa i wielkich posiadaczy. System interakcji stworzony w ramach systemu gospodarczego III Rzeszy dzia\u0142a\u0142 bowiem w obie strony, zar\u00f3wno podporz\u0105dkowuj\u0105c niemiecki prywatny przemys\u0142 i finanse celom politycznym nazizmu, jak i priorytetyzuj\u0105c te cele pa\u0144stwa, kt\u00f3re najlepiej odpowiada\u0142y interesom wielkokapitalistycznym. Problem z postrzeganiem niemieckiego kapitalizmu lat 30-tych wynika przy tym z zaburzonej percepcji, kt\u00f3ra ignoruje rzeczywisto\u015b\u0107 sprzed Wielkiej Depresji, czyli realia oligopolizacji i mi\u0119dzynarodowych trust\u00f3w, kt\u00f3re schroniwszy si\u0119 w okresie za\u0142amania pod skrzyd\u0142a pa\u0144stw \u2013 wobec ust\u0119powania objaw\u00f3w kryzysu szuka\u0142y mo\u017cliwo\u015bci przywr\u00f3cenia swojej w\u0142asno\u015bci nad sektorami okresowo przekazanymi sferze publicznej oraz d\u0105\u017cy\u0142y do wznowienia i wzmo\u017cenia maksymalnej akumulacji.<\/p>\n\n\n\n<p><\/p>\n\n\n\n<p class=\"has-medium-font-size\"><strong>Hitler reprywatyzator<\/strong><\/p>\n\n\n\n<p><\/p>\n\n\n\n<p>Hitler nie by\u0142 socjalist\u0105, a wystarczaj\u0105cym na to dowodem by\u0142 jego stosunek do w\u0142asno\u015bci \u015brodk\u00f3w produkcji, tego podstawowego kryterium wyznaczonego jeszcze przez\u00a0<strong>Marksa<\/strong>.\u00a0\u00a0Hitler nie m\u00f3g\u0142 by\u0107 socjalist\u0105, poniewa\u017c mimo swoich ideologicznych nawo\u0142ywa\u0144 do wyniesienia dobra wsp\u00f3lnoty narodowej ponad wszystko \u2013 by\u0142 zadeklarowanym przeciwnikiem wsp\u00f3lnej w\u0142asno\u015bci, zw\u0142aszcza w przemy\u015ble.\u00a0<strong>Jako kanclerz Niemiec Hitler przeprowadzi\u0142 najbardziej ambitny program prywatyzacji maj\u0105tku pa\u0144stwowego do czas\u00f3w Margaret Thatcher, Leszka Balcerowicza i gda\u0144skich libera\u0142\u00f3w Donalda Tuska<\/strong>. By\u0142o to te\u017c dzia\u0142anie ca\u0142kowicie pod pr\u0105d \u00f3wczesnym dominuj\u0105cym trendom ekonomicznym \u015bwiata. Gdy niemal wszyscy nacjonalizowali na pot\u0119g\u0119 \u2013 Hitler wyzbywa\u0142 si\u0119 w\u0142asno\u015bci pa\u0144stwowej na rzecz wielkiego kapita\u0142u prywatnego. Nie zaprzeczaj\u0105 temu nawet krytycy hitlerowskiego prymatu polityki nad gospodark\u0105. W wyniku dzia\u0142a\u0144 rz\u0105d\u00f3w NSDAP w r\u0119ce prywatnego kapita\u0142u przekazano na powr\u00f3t kontrol\u0119 m.in. nad bankami, przemys\u0142em stalowym i stoczniowym, kt\u00f3re znalaz\u0142y si\u0119 w gestii pa\u0144stwa w wyniku Wielkiej Depresji i uporu, z jakim rz\u0105dy przednazistowskie stara\u0142y si\u0119 trzyma\u0107 polityki deflacyjne. W okresie 1930-1932 pa\u0144stwo odci\u0105\u017cy\u0142o kapita\u0142 prywatny od odpowiedzialno\u015bci za Gelsenkirchener Bergwerks, kontroluj\u0105c\u0105 drugi najwi\u0119kszy koncern przemys\u0142owy Niemiec Vereignite Stahlwerke AG (pierwszym by\u0142a grupa IG Farben). Podobny los spotka\u0142 banki jak the Darmst\u00e4dter und Nationalbank, Dresdener Bank, Commerz Bank, podporz\u0105dkowany pa\u0144stwowym instytucjom finansowym zosta\u0142 te\u017c Deutsche Bank. Podobne procesy PRZED, podkre\u015blmy, obj\u0119ciem w\u0142adzy przez nazist\u00f3w, zachodzi\u0142y te\u017c m.in. w transporcie morskim (przej\u0119cie Hamburg-S\u00fcdAmerika i Hansa Dampf, przemy\u015ble stoczniowym (Deutschen Schiff-und Machisnenbau AG Bremen \u2018Deschimag\u2019) hutnictwie (Vereinigte Oberschlesische H\u00fcttenwerke AG).<\/p>\n\n\n\n<p><\/p>\n\n\n\n<p>Wszystkie te firmy zosta\u0142y re-prywatyzowane pod rz\u0105dami NSDAP. Szczeg\u00f3lnie spektakularna by\u0142a pod tym wzgl\u0119dem redukcja pa\u0144stwowych udzia\u0142\u00f3w w Vereignite Stahlwerke AG, kt\u00f3re zmniejszy\u0142y si\u0119 z 52 do 25 procent na korzy\u015b\u0107 potentata przemys\u0142owego\u00a0<strong>Fritza Thyssena<a href=\"applewebdata:\/\/74C997E2-F756-4AB1-960F-26EEFD6A84FE#_edn6\"><sup><strong>[vi]<\/strong><\/sup><\/a><\/strong>. W istocie firmy te zosta\u0142y przed wielki kapita\u0142 przekazane pa\u0144stwu niemieckiemu na przechowanie w okresie Wielkiej Depresji, za\u015b nazi\u015bci dopilnowali tylko, by powr\u00f3ci\u0142y do swych w\u0142a\u015bcicieli. Masowa prywatyzacja jest zatem koronnym dowodem przeciw socjalizmowi Hitlera, za\u015b kontrargument o zast\u0105pieniu w\u0142asno\u015bci kontrol\u0105 pa\u0144stwa musia\u0142by wykaza\u0107, \u017ce na kt\u00f3rym\u015b etapie interesy wielkich prywatnych koncern\u00f3w przemys\u0142owych i samej Rzeszy rzeczywi\u015bcie by\u0142y rozbie\u017cne i \u017ce to rz\u0105d i partia narzuca\u0142y swoj\u0105 wol\u0119 wielkiemu kapita\u0142owi, a nie odwrotnie.<\/p>\n\n\n\n<p><\/p>\n\n\n\n<p class=\"has-medium-font-size\"><strong>Tylko g\u0142upi libera\u0142 nie bierze z pa\u0144stwowego<\/strong><\/p>\n\n\n\n<p><\/p>\n\n\n\n<p>M.in. Adam Tooze po\u015bwi\u0119ci\u0142 wiele miejsca dopasowaniu politycznych hase\u0142 Hitlera z wymiernymi potrzebami wielkiego przemys\u0142u, bardzo otwartego na zam\u00f3wienia i programy rz\u0105dowe. Tylko w bajkach kapitali\u015bci nie bior\u0105 pieni\u0119dzy od rz\u0105d\u00f3w i nie korzystaj\u0105 z udogodnie\u0144 takich jak c\u0142a. To pod ich os\u0142on\u0105 IG Farben rozwin\u0119\u0142o sw\u00f3j program produkcji benzyny syntetycznej, za\u015b w\u015br\u00f3d beneficjent\u00f3w wsp\u00f3\u0142pracy z nazistami byli te\u017c tacy potentaci jak&nbsp;<strong>Gustaw Krupp<\/strong>&nbsp;i&nbsp;<strong>Albert V\u00f6gler<\/strong>, sk\u0105din\u0105d wcze\u015bniej aktywny dzia\u0142acz Deutsche Volkspartei, partii niemieckiego narodowego-liberalizmu. Tak, Hitler chcia\u0142 silnego niemieckiego przemys\u0142u, nieskr\u0119powanego podatkami, uprawnieniami zwi\u0105zk\u00f3w zawodowych czy konieczno\u015bci\u0105 dzielenia si\u0119 zyskami z robotnikami w formie wy\u017cszych pensji \u2013 bo chcia\u0142 broni i sprz\u0119tu pozwalaj\u0105cego zdoby\u0107 Lebensraum. Ale wielki przemys\u0142 chcia\u0142 Hitlera \u2013 bo gwarantowa\u0142 szybsz\u0105 i wi\u0119ksz\u0105 akumulacj\u0119 kapita\u0142u, nawet je\u015bli domaga\u0142 si\u0119 jego dalszego reinwestowania.<\/p>\n\n\n\n<p><\/p>\n\n\n\n<p class=\"has-medium-font-size\"><strong>Czy podatki za Hitlera by\u0142y ni\u017csze?<\/strong><\/p>\n\n\n\n<p><\/p>\n\n\n\n<p>Ciekaw\u0105 sprzeczno\u015bci\u0105 w dywagacjach na temat rzekomego socjalizmu Hitlera \u2013 jest kwestia podatku dochodowego. No bo je\u015bli&nbsp;<strong>JKM&nbsp;<\/strong>ma racj\u0119 i podatki w III Rzeszy rzeczywi\u015bcie by\u0142y ni\u017csze \u2013 to gdzie tam socjalizm? I znowu jednak, praktyka gospodarcza nie jest opowiastk\u0105 libertarian. Hitler faktycznie deklarowa\u0142 si\u0119 jako przeciwnik podnoszenia podatku dochodowego od os\u00f3b fizycznych, natomiast podobnie jak Leszek Balcerowicz popiera\u0142 podatek od nienormatywnych wzrost\u00f3w wynagrodze\u0144, uwa\u017cany za kotwic\u0119 antyinflacyjn\u0105. Innym podobie\u0144stwem mi\u0119dzy III Rzesz\u0105 a III RP by\u0142a sk\u0142onno\u015b\u0107 do aprecjacji w\u0142asnej waluty (cho\u0107 w Niemczech odbywa\u0142o si\u0119 to w warunkach ochrony krajowego rynku, a wi\u0119c dok\u0142adnie przeciwnie ni\u017c w Polsce po 1989 r.). Inaczej jednak ni\u017c nad Wis\u0142\u0105 bezpo\u015brednie podatki od dochod\u00f3w (tj. od wynagrodze\u0144, od os\u00f3b fizycznych, od os\u00f3b prawnych, podatki lokalne od dzia\u0142alno\u015bci gospodarczej itp.) stanowi\u0142y nie wi\u0119cej ni\u017c 12,5 proc. dochod\u00f3w bud\u017cetowych pa\u0144stwa. Podatek dochodowy od przedsi\u0119biorstw r\u00f3s\u0142 przy tym bardziej znacz\u0105co ni\u017c ten od os\u00f3b fizycznych, ale dopiero w czasie wojny, gdy z 30 proc. zosta\u0142 podwy\u017cszony do 37,5 proc. w roku podatkowym 1941\/42 i ostatecznie 48,75 proc. rok p\u00f3\u017aniej.&nbsp;<\/p>\n\n\n\n<p><\/p>\n\n\n\n<p>Co jednak najbardziej interesuj\u0105ce dla czytelnik\u00f3w JKM, nazistowski PIT wygl\u0105da\u0142 jak na tabeli poni\u017cej:<\/p>\n\n\n\n<p>Stawki podatku dochodowego jako procent dochodu podlegaj\u0105cego opodatkowaniu:<\/p>\n\n\n\n<figure class=\"wp-block-table\"><table class=\"has-fixed-layout\"><tbody><tr><td><strong>Doch\u00f3d<\/strong><\/td><td><strong>1925<\/strong><\/td><td><strong>1934<\/strong><\/td><td><strong>1939<\/strong><\/td><td><strong>1942<\/strong><\/td><\/tr><tr><td><strong>1,000<\/strong><\/td><td>10<\/td><td>6,5<\/td><td>6,5<\/td><td>5,5<\/td><\/tr><tr><td><strong>5,000<\/strong><\/td><td>10<\/td><td>16,6<\/td><td>17,6<\/td><td>24,9<\/td><\/tr><tr><td><strong>10,000<\/strong><\/td><td>10,5<\/td><td>19,8<\/td><td>22,3<\/td><td>33<\/td><\/tr><tr><td><strong>20,000<\/strong><\/td><td>13,5<\/td><td>26,9<\/td><td>30,2<\/td><td>44<\/td><\/tr><tr><td><strong>40,000<\/strong><\/td><td>20,8<\/td><td>39,9<\/td><td>44,9<\/td><td>59,8<\/td><\/tr><tr><td><strong>60,000<\/strong><\/td><td>25<\/td><td>46,6<\/td><td>52,4<\/td><td>64.9<\/td><\/tr><tr><td><strong>100,000<\/strong><\/td><td>30<\/td><td>50<\/td><td>55<\/td><td>65,4<\/td><\/tr><tr><td><strong>500,000<\/strong><\/td><td>38<\/td><td>50<\/td><td>55<\/td><td>65,9<\/td><\/tr><tr><td><strong>3,000,000<\/strong><\/td><td>39,7<\/td><td>50<\/td><td>55<\/td><td>66<\/td><\/tr><tr><td><strong>Maksymalna stawka<\/strong><\/td><td>40<\/td><td>50<\/td><td>55<\/td><td>66<\/td><\/tr><\/tbody><\/table><\/figure>\n\n\n\n<p>\u0179r\u00f3d\u0142o: M. Buggeln, Was Nazi Germany an \u201cAccommodating Dictatorship\u201d? A Comparative Perspective on Taxation of the Rich in World War II, \u201cCentral European History, 56,2023, str.&nbsp;&nbsp;415\u2013435.<\/p>\n\n\n\n<p><\/p>\n\n\n\n<p>Jak wi\u0119c wida\u0107, stawki podatku dochodowego od os\u00f3b fizycznych w III Rzeszy by\u0142y zdecydowanie dalekie od liberalnego idea\u0142u, kiedy wi\u0119c JKM ponownie odpali sw\u00f3j znany przedwyborczy protok\u00f3\u0142 \u2013 warto by go zapyta\u0107 DLA KOGO podatki za Hitlera by\u0142y ni\u017csze? Z pewno\u015bci\u0105 bowiem dla gorzej zarabiaj\u0105cych, co jednak wi\u0105za\u0142o si\u0119 ze zgodn\u0105 decyzj\u0105 pa\u0144stwa i wielkiego kapita\u0142u, by nie zwi\u0119ksza\u0107 dochod\u00f3w robotniczych, natomiast zak\u0142adany wzrost poziomu \u017cycia uzyskiwa\u0107 po pierwsze bezpo\u015bredni\u0105 pomoc\u0105 spo\u0142eczn\u0105, na czele z Niemieck\u0105 Pomoc\u0105 Zimow\u0105 (Winterhilfswerk) trafiaj\u0105c\u0105 w\u0142a\u015bnie do rodzin bynajmniej nie bezrobotnych czy niepe\u0142nosprawnych, ale w\u0142a\u015bnie robotnik\u00f3w uzyskuj\u0105cych najni\u017csze dochody. Drug\u0105 metod\u0105, opisywan\u0105 przed Adama Tooze by\u0142a natomiast pr\u00f3ba dotowania przemys\u0142u celem uzyskania mo\u017cliwie tanich i dost\u0119pnych towar\u00f3w konsumpcyjnych, jak radia i samochody, co zw\u0142aszcza w tym ostatnim przypadki zako\u0144czy\u0142o si\u0119 klasyczn\u0105 piramid\u0105 finansow\u0105 sk\u0142adaj\u0105cych si\u0119 na Garbusy, z kt\u00f3rych ani jeden nie trafi\u0142 do nabywc\u00f3w przed upadkiem III Rzeszy.&nbsp;<\/p>\n\n\n\n<p><\/p>\n\n\n\n<p>Z drugiej jednak strony nale\u017cy zauwa\u017cy\u0107, \u017ce znowu w analizie por\u00f3wnawczej Niemcy hitlerowskie okazywa\u0142y si\u0119 w latach 1930-tych mniej fiskalne ni\u017c Zjednoczone Kr\u00f3lestwo czy nawet Stany Zjednoczone, a dotyczy\u0142o to w szczeg\u00f3lno\u015bci stawki od podatku dochodowego od uzyskuj\u0105cych najwy\u017csze dochody, co by\u0142o szczeg\u00f3lnie wa\u017cne wobec relatywnie wi\u0119kszej akumulacji kapita\u0142u w r\u0119kach g\u00f3rnego promila w stosunku do maj\u0105tku i dochodu narodowego w Niemczech.<\/p>\n\n\n\n<p><\/p>\n\n\n\n<p>Maksymalna stawka podatku dochodowego.<\/p>\n\n\n\n<figure class=\"wp-block-table\"><table class=\"has-fixed-layout\"><tbody><tr><td><strong>Rok<\/strong><\/td><td><strong>USA<\/strong><\/td><td><strong>UK<\/strong><\/td><td><strong>III Rzesza<\/strong><\/td><td><strong>Francja<\/strong><\/td><\/tr><tr><td>1933<\/td><td>63%<\/td><td>66%<\/td><td>40%<\/td><td>37%<\/td><\/tr><tr><td>1934<\/td><td>63%<\/td><td>64%<\/td><td>50%<\/td><td>30%<\/td><\/tr><tr><td>1935<\/td><td>63%<\/td><td>64%<\/td><td>50%<\/td><td>36%<\/td><\/tr><tr><td>1936<\/td><td>79%<\/td><td>65%<\/td><td>50%<\/td><td>48%<\/td><\/tr><tr><td>1937<\/td><td>79%<\/td><td>66%<\/td><td>50%<\/td><td>52%<\/td><\/tr><tr><td>1938<\/td><td>79%<\/td><td>75%<\/td><td>50%<\/td><td>53%<\/td><\/tr><tr><td>1939<\/td><td>79%<\/td><td>83%<\/td><td>55%<\/td><td>53%<\/td><\/tr><tr><td>1940<\/td><td>81%<\/td><td>90%<\/td><td>60%<\/td><td>53%<\/td><\/tr><tr><td>1941<\/td><td>81%<\/td><td>98%<\/td><td>60%<\/td><td>60%<\/td><\/tr><tr><td>1942<\/td><td>88%<\/td><td>98%<\/td><td>66%<\/td><td>70%<\/td><\/tr><tr><td>1943<\/td><td>88%<\/td><td>98%<\/td><td>66%<\/td><td>70%<\/td><\/tr><tr><td>1944<\/td><td>94%<\/td><td>98%<\/td><td>66%<\/td><td>60%<\/td><\/tr><tr><td>1945<\/td><td>94%<\/td><td>98%<\/td><td>66%<\/td><td>60%<\/td><\/tr><\/tbody><\/table><\/figure>\n\n\n\n<p>\u0179r\u00f3d\u0142o: Thomas Piketty,&nbsp;<a href=\"http:\/\/piketty.pse.ens.fr\/fr\/\">http:\/\/piketty.pse.ens.fr\/fr\/<\/a>&nbsp;oraz op. cit M. Buggeln,<\/p>\n\n\n\n<p><\/p>\n\n\n\n<p>Dopowiadaj\u0105c zatem JKM \u2013 podatki za Hitlera by\u0142y ni\u017csze dla najbogatszych i ni\u017c w UK oraz USA, cho\u0107 w sumie jeszcze lepiej by\u0142o im we Francji i to niezale\u017cnie od tego czy rz\u0105dzi\u0142&nbsp;<strong>Daladier<\/strong>,&nbsp;<strong>Blum<\/strong>,&nbsp;<strong>Laval&nbsp;<\/strong>czy&nbsp;<strong>Petain<\/strong>.<\/p>\n\n\n\n<p><\/p>\n\n\n\n<p class=\"has-medium-font-size\"><strong>Wojna wybuch\u0142a przez niemieckich emeryt\u00f3w?<\/strong><\/p>\n\n\n\n<p><\/p>\n\n\n\n<p>G\u0142\u00f3wnym \u017ar\u00f3d\u0142em dochod\u00f3w bud\u017cetowych III Rzeszy nie by\u0142y podatki dochodowe, jednak przedwojenna prawa r\u0119ka Hitlera w zakresie finans\u00f3w,&nbsp;<strong>Hjalmar Schacht<\/strong>&nbsp;umia\u0142 \u0142ata\u0107 problemy finansowe pa\u0144stwa imaj\u0105c si\u0119 metod znanych nam tak\u017ce z praktyki finansowej III RP. Jedn\u0105 z nich by\u0142o korzystanie przez pa\u0144stwo ze sk\u0142adek emerytalnych kumulowanych przez fundusze, odr\u0119bne dla poszczeg\u00f3lnych rodzaj\u00f3w zatrudnienia i sektor\u00f3w gospodarki. Pomimo kryzysu, bezrobocia, niskich dochod\u00f3w osobistych i subiektywnego odczucia zap\u00f3\u017anienia Niemiec wobec dominuj\u0105cych gospodarek ameryka\u0144skiej i brytyjskiej \u2013 dynamika sektora ubezpiecze\u0144 spo\u0142ecznych Rzeszy by\u0142a wystarczaj\u0105ca by skusi\u0107 polityk\u00f3w, kt\u00f3rzy na fundusze emerytalne zacz\u0119li przerzuca\u0107 zad\u0142u\u017cenie pa\u0144stwa wyra\u017cane obligacjami, jak r\u00f3wnie\u017c inwestuj\u0105c we wskazywane przez pa\u0144stwo i prywatny kapita\u0142 przedsi\u0119wzi\u0119cia gospodarcze, przede wszystkim s\u0142u\u017c\u0105ce rozwojowi programu niemieckich zbroje\u0144.&nbsp;<\/p>\n\n\n\n<p><\/p>\n\n\n\n<p>I znowu, z punktu widzenia Hitlera zabieranie sk\u0142adek przysz\u0142ym niemieckim emerytom by\u0142o zadowalaj\u0105cym ekwiwalentem podwy\u017cszania podatk\u00f3w. Z pewno\u015bci\u0105 nie jest to rozwi\u0105zanie z podr\u0119cznik\u00f3w liberalizmu (w kt\u00f3rym to systemie przecie\u017c zreszt\u0105 \u017cadnych obowi\u0105zkowych ubezpiecze\u0144 by\u0107 nie mo\u017ce), mie\u015bci si\u0119 jednak ono znakomicie w powszechnej dzi\u015b praktyce rolowania zad\u0142u\u017cenia wewn\u0119trznego. Wa\u017cn\u0105 jednakowo\u017c lekcj\u0105 z zastosowania tego mechanizmu w III Rzeszy winny by\u0107 jego polityczne skutki. Jak si\u0119 ocenia na prze\u0142omie 1937\/38 roku Schacht, minister gospodarki i szef Reichsbanku zorientowa\u0142 bowiem, \u017ce nie ma mo\u017cliwo\u015bci sp\u0142acenia zobowi\u0105za\u0144 emerytalnych i zarazem utrzymania p\u0142ynno\u015bci finansowej Niemiec<a href=\"applewebdata:\/\/74C997E2-F756-4AB1-960F-26EEFD6A84FE#_edn7\"><sup>[vii]<\/sup><\/a>. Przyspieszenie programu ekspansji terytorialnej, Anschlu\u00df Austrii, przy\u0142\u0105czenie Sudet\u00f3w i nast\u0119pnie upadek Czechos\u0142owacji by\u0142y zatem nie tylko skutkami przyspieszenia programu zbroje\u0144 wobec niedoboru mocy przemys\u0142owych i wy\u015bcigiem z czasem oraz wzrostem produkcji wojennej UK i docelowo USA, jak opisuje Tooze. By\u0142y to tak\u017ce skutki efektywnego bankructwa systemu emerytalnego Rzeszy, kt\u00f3ry zacz\u0105\u0142 od rozpaczliwego poszukiwania\u2026 nowych sk\u0142adkowicz\u00f3w. Schacht do czasu wspieraj\u0105c imperializm Hitlera by\u0142 zatem poniek\u0105d prekursorem strategii pp.&nbsp;<strong>Angeli Merkel<\/strong>&nbsp;i&nbsp;<strong>Ursuli von der Leyen<\/strong>&nbsp;r\u00f3wnie\u017c lansuj\u0105cych ekspansj\u0119 Unii Europejskiej i pozyskiwanie nowych p\u0142atnikow sk\u0142adek. Wprawdzie zamiast kolonii dla Rzeszy to ich mieszka\u0144cy musz\u0105 si\u0119 dzi\u015b pofatygowa\u0107 do niemieckiej metropolii, istota procesu jednak pozostaje ta sama: kto\u015b musi zap\u0142aci\u0107 za niemieckie emerytury.<\/p>\n\n\n\n<p><\/p>\n\n\n\n<p class=\"has-medium-font-size\"><strong>Ci\u0105g\u0142o\u015b\u0107 strategiczna walki o wielk\u0105 przestrze\u0144 gospodarcz\u0105 Niemiec<\/strong><\/p>\n\n\n\n<p><\/p>\n\n\n\n<p>Hitler by\u0142 jednak tak\u017ce nie tyle prekursorem dzisiejszych gospodarczych Wielkich Niemiec, co raczej dzia\u0142a\u0142 w ci\u0105g\u0142o\u015bci polityki niemieckiej, kt\u00f3rej kierownicy ju\u017c w apogeum XIX-wiecznej fazy przemys\u0142owej uzmys\u0142owili sobie podstawow\u0105 blokad\u0119, uniemo\u017cliwiaj\u0105c\u0105 Niemcom realne dogonienie Imperium Brytyjskiego i Stan\u00f3w Zjednoczonych. Ograniczeniem tym by\u0142o st\u0142oczenie Niemc\u00f3w, w warunkach nie pozwalaj\u0105cych im na stworzenie 150-milionowego rynku, z podobnym do ameryka\u0144skiego dost\u0119pem do surowc\u00f3w, z podobn\u0105 do mieszka\u0144c\u00f3w kolonii brytyjskich armi\u0105 konsument\u00f3w w\u0142asnych wyrob\u00f3w przemys\u0142owych i ze stabilno\u015bci\u0105 aprowizacyjn\u0105 pozwalaj\u0105c\u0105 przekierowa\u0107 masy niemieckiej ludno\u015bci rolniczej i drobnohandlowej na potrzeby wielkiego przemys\u0142u. Pierwszym, kt\u00f3re dostrzeg\u0142 te wszystkie uwarunkowania niemieckiej drogi do wielko\u015bci nie by\u0142 bynajmniej Hitler, ale polityk jak najbardziej liberalny (dla porz\u0105dku dodajmy \u2013 narodowo-liberalny), czyli&nbsp;<strong>Friedrich Naumann,<\/strong>&nbsp;tw\u00f3rca koncepcji Miitteleuropy, czy jak to si\u0119 m\u00f3wi w III RP \u2013 Mi\u0119dzymorza albo jak kto woli wschodniej flanki Unii Europejskiej i NATO.&nbsp;<\/p>\n\n\n\n<p><\/p>\n\n\n\n<p>Jak zwa\u0142, tak zwa\u0142, nieodmiennie od przesz\u0142o stu lat chodzi o powi\u0119kszon\u0105 stref\u0119 \u017cyciow\u0105 dla Niemiec, rozumian\u0105 w\u0142a\u015bnie jako to g\u0142\u0119bokie przedpole niemieckiej gospodarki. Oczywi\u015bcie Naumann czy jego wsp\u00f3\u0142cze\u015bni na\u015bladowcy to zwolennicy odmiennych metod zarz\u0105dzania ni\u017c te wdro\u017cone ostatecznie przez Hitlera, jednak zasada i cel pozostaj\u0105 te same \u2013 zwi\u0119kszenie potencja\u0142u Niemiec o zarz\u0105dzane i limitowane moce produkcyjne i nabywcze Europy \u015arodkowej. Naumann, rzecz jasna, proponowa\u0142 uzupe\u0142nianie niemieckiego kija (kt\u00f3ry te\u017c uwa\u017ca\u0142 za niezb\u0119dny, by takich np. Polak\u00f3w nauczy\u0107 ukierunkowanej pracy) germa\u0144sk\u0105 marchewk\u0105 dla lokalnych elit wci\u0105ganych w proces zarz\u0105dzania ni\u017cszego szczebla. Hitler z kolei wierzy\u0142 w ograniczanie koszt\u00f3w przez eksterminacj\u0119 zb\u0119dnych S\u0142owian \u2013 wszystko to jednak, przyznajmy, s\u0105 przecie\u017c detale planu, w kt\u00f3rego realizacji nadal, chc\u0105c nie chc\u0105c, mamy okazj\u0119 uczestniczy\u0107.<\/p>\n\n\n\n<p><\/p>\n\n\n\n<p>Sk\u0105din\u0105d zreszt\u0105 naumannici, pocz\u0105tkowo nieufni wobec polityki Hitlera, szybko przekonali si\u0119, \u017ce wbrew ich obawom nie jest on \u017cadnym socjalist\u0105 nie jest, a zatem nic nie stoi na przeszkodzie entuzjastycznego poparcia NSDAP przez narodowych libera\u0142\u00f3w, takich jak cho\u0107by&nbsp;<strong>Robert Bosch<\/strong>, dla kt\u00f3rych nazistowski kapitalizm spo\u0142eczny by\u0142 najlepsz\u0105 gwarancj\u0105 maksymalizacji osobistych zysk\u00f3w i pomna\u017cania maj\u0105tk\u00f3w.&nbsp;<strong>Dla szczerego libera\u0142a bowiem prawdziwie wolnym mo\u017ce by\u0107 tylko cz\u0142owiek bogaty, a je\u015bli bogactwo to przychodzi wraz odpowiedni\u0105 polityk\u0105 pa\u0144stwa \u2013 to wida\u0107 jest ona wystarczaj\u0105co liberalna<\/strong>. W tym bowiem ca\u0142a rzecz, \u017ce typowy zwolennik liberalizmu przeczyta\u0142 setki ksi\u0105\u017cek na jego temat \u2013 a rzeczywisty beneficjent liberalizmu ma setki milion\u00f3w na ksi\u0105\u017ceczkach czekowych.<\/p>\n\n\n\n<p><\/p>\n\n\n\n<p class=\"has-medium-font-size\"><strong>Jak III Rzesza zaplanowa\u0142a RFN<\/strong><\/p>\n\n\n\n<p><\/p>\n\n\n\n<p>To fundamentalne rozr\u00f3\u017cnienie sk\u0142oni\u0142o do nazizmu nie tylko narodowych i soclibera\u0142\u00f3w, ale tak\u017ce przysz\u0142ych tw\u00f3rc\u00f3w niemieckiego cudu gospodarczego, ordolibera\u0142\u00f3w, w tym samego&nbsp;<strong>Ludwiga Erharda,<\/strong>&nbsp;kt\u00f3ry (mimo usilnych pr\u00f3b czyszczenia w\u0142asnego \u017cyciorysu) by\u0142 bezpo\u015brednio zaanga\u017cowany w podtrzymywanie liberalnego kursu polityki gospodarczej Rzeszy nawet po dymisji Schachta, wspieranego jeszcze przez ojc\u00f3w ordoliberalizmu jak&nbsp;<strong>Walter Eucken<\/strong>,&nbsp;<strong>Franz Boehm<\/strong>, and&nbsp;<strong>Hans Grossman-Doerth.<\/strong>&nbsp;Jakkolwiek paradoksalnie by to nie brzmia\u0142o, Erhard zosta\u0142 wyznaczony do prac nad powojenn\u0105 odbudow\u0105 Niemiec przez prominentnego kierownika nazistowskiej polityki gospodarczej, SS-Gruppenf\u00fchrera&nbsp;<strong>Otto Ohlendorfa,<\/strong>&nbsp;zast\u0119pc\u0119 dyrektora ministerstwa gospodarki Rzeszy odpowiedzialnego za strategi\u0119 ekonomiczn\u0105, a przy okazji tak\u017ce zbrodniarza wojennego i dow\u00f3dc\u0119 Einsatzgruppe D. Koncepcje Euckena i Erharda nie by\u0142y zatem tak opozycyjne i antynazistowskie jak przedstawiano w Republice Federalnej Niemiec, a wyrasta\u0142y bezpo\u015brednio ze strategii nazist\u00f3w, narodowych- i ordolibera\u0142\u00f3w zmierzaj\u0105cych do uzyskania tych samych cel\u00f3w r\u00f3\u017cnymi \u015brodkami<a href=\"applewebdata:\/\/74C997E2-F756-4AB1-960F-26EEFD6A84FE#_edn8\"><sup>[viii]<\/sup><\/a>.&nbsp;<\/p>\n\n\n\n<p><\/p>\n\n\n\n<p>Adam Tooze w swej wspomnianej na pocz\u0105tku pracy wielokrotnie zwr\u00f3ci\u0142 uwag\u0119 na podobie\u0144stwo powojennej strategii odbudowy Niemiec z koncepcjami przednazistowskiego kierownika polityki Republiki Weimarskiej,&nbsp;<strong>Gustawa Stressmana<\/strong>, kt\u00f3ry szans\u0119 na powr\u00f3t do niemieckiej polityki imperialnej upatrywa\u0142 w \u015bcis\u0142ym powi\u0105zaniu niemieckich i ameryka\u0144skich interes\u00f3w finansowych jako mechanizmu lewarowania wsp\u00f3\u0142pracy gospodarczej z Francj\u0105 i docelowo Wielk\u0105 Brytani\u0105, a wszystko to&nbsp;<strong>w zamiarze powrotu do celu g\u0142\u00f3wnego: uzyskania dominacji gospodarczej i politycznej nad Europ\u0105 \u015arodkow\u0105<\/strong>. Patrz\u0105c z tej perspektywy polityka Hitlera nie by\u0142a w \u017cadnym punkcie odej\u015bciem od tych za\u0142o\u017ce\u0144, a to, co mo\u017cna jej z niemieckiego punktu widzenia zarzuci\u0107, to nadmierny po\u015bpiech i zbytnie uleganie \u017c\u0105dzy pomna\u017cania kapita\u0142u przez niemiecki przemys\u0142 i sfery finansowe. Ten sam plan rozpisany na dekady, bez wojen i \u0142apanek na ulicach \u2013 dzia\u0142a ju\u017c jednak o wiele sprawniej, zapewniaj\u0105c mieszka\u0144com Nieniec mniejsze r\u00f3\u017cnice socjalne i naturalnie wy\u017cszy poziom \u017cycia ni\u017c w okresie hitlerowskim, tak\u017ce por\u00f3wnuj\u0105c do innych czo\u0142owych gospodarek europejskich i \u015bwiatowych. Strategi\u0119 dopasowuje si\u0119 bowiem do okresu historycznego i pod tym wzgl\u0119dem niemieckie elity nie zmieniaj\u0105 swego nastawienia, konsekwentnie te\u017c ignoruj\u0105c b\u0105d\u017a manipuluj\u0105c nastrojami zwyk\u0142ych Niemc\u00f3w.<\/p>\n\n\n\n<p><\/p>\n\n\n\n<p>Hitler jako epizod niemieckiej historii mie\u015bci\u0142 si\u0119 w szerszym planie strategicznym, nie ma wi\u0119c wi\u0119kszego sensu przypisywanie jego ukierunkowanych na wielko\u015b\u0107 Niemiec dzia\u0142a\u0144 a to socjalizmowi, a to w og\u00f3le nazizmowi jako zjawisku jako\u015b szczeg\u00f3lnie wyj\u0105tkowemu i wymykaj\u0105cemu si\u0119 zwyk\u0142ej ekonomicznej czy politologicznej analizie. Nie, Hitler nie by\u0142 ani libera\u0142em, ani socjalist\u0105, co nie znaczy jednak, \u017ce nie pos\u0142ugiwa\u0142 si\u0119 liberalnymi instrumentami ekonomicznymi i socjalistycznymi has\u0142ami, gdy tylko by\u0142o to wygodne dla wizji Wielkich Niemiec. Wizji podzielanej przez wielki niemiecki kapita\u0142, kt\u00f3ry najwyra\u017aniej do dzi\u015b dnia zdania nie zmieni\u0142.<\/p>\n\n\n\n<p><\/p>\n\n\n\n<p><strong>Konrad R\u0119kas<\/strong><\/p>\n\n\n\n<hr class=\"wp-block-separator has-alpha-channel-opacity\"\/>\n\n\n\n<p><a href=\"applewebdata:\/\/74C997E2-F756-4AB1-960F-26EEFD6A84FE#_ednref1\"><sup>[i]<\/sup><\/a>&nbsp;Cz. \u0141uczak,&nbsp;<em>Dzieje gospodarcze Niemiec 1871\u20131945,<\/em>&nbsp;Wydawnictwo Naukowe UAM, Pozna\u0144, 1984, a nast\u0119pnie Cz. \u0141uczak,&nbsp;<em>Dzieje gospodarcze Niemiec 1871\u20131990<\/em>, Wydawnictwo Naukowe UAM, Pozna\u0144, 2004.<\/p>\n\n\n\n<p><a href=\"applewebdata:\/\/74C997E2-F756-4AB1-960F-26EEFD6A84FE#_ednref2\"><sup>[ii]<\/sup><\/a>&nbsp;Z. Klimiuk,&nbsp;<em>Zmiany w strukturze gospodarczej Niemiec hitlerowskich w latach 30. XX w<\/em>., \u201e<a href=\"https:\/\/bazekon.uek.krakow.pl\/zawartosc\/171647472\">Spo\u0142ecze\u0144stwo i&nbsp;Polityka\u201d, 2022, nr&nbsp;1(70)<\/a>,&nbsp;s.&nbsp;56-85<\/p>\n\n\n\n<p><a href=\"applewebdata:\/\/74C997E2-F756-4AB1-960F-26EEFD6A84FE#_ednref3\"><sup>[iii]<\/sup><\/a>&nbsp;M. Zmierczak,&nbsp;<em>Interwencjonizm, totalitaryzm czy ideologizacja gospodarki? Kilka uwag o&nbsp;<\/em><em>w\u0142asno\u015bci&nbsp;<\/em><em>i gospodarce w III Rzeszy<\/em>, \u201cStudia nad Faszyzmem i Zbrodniami Hitlerowskimi 28, 2005, str. 269-280.<\/p>\n\n\n\n<p><a href=\"applewebdata:\/\/74C997E2-F756-4AB1-960F-26EEFD6A84FE#_ednref4\"><sup>[iv]<\/sup><\/a>&nbsp;Wydawnictwo Napoleon V, O\u015bwi\u0119cim, 2019.<\/p>\n\n\n\n<p><a href=\"applewebdata:\/\/74C997E2-F756-4AB1-960F-26EEFD6A84FE#_ednref5\"><sup>[v]<\/sup><\/a>&nbsp;Wydawnictwo Napoleon V, O\u015bwi\u0119cim, 2017.<\/p>\n\n\n\n<p><a href=\"applewebdata:\/\/74C997E2-F756-4AB1-960F-26EEFD6A84FE#_ednref6\"><sup>[vi]<\/sup><\/a>&nbsp;G, Bel,&nbsp;<em>Against the mainstream: Nazi privatization in 1930s Germany<\/em>, \u201cEconomic History Review\u201d, 63 (1), 2010, str. 34\u201355.<\/p>\n\n\n\n<p><a href=\"applewebdata:\/\/74C997E2-F756-4AB1-960F-26EEFD6A84FE#_ednref7\"><sup>[vii]<\/sup><\/a>&nbsp;A. C. Mierzejewski,&nbsp;<em>Plundering Pensions: The Destruction of the German Pension System by the Third Reich<\/em>, \u201cThe Historian\u201d, 74(2), 2012, str. 286-306.<\/p>\n\n\n\n<p><a href=\"applewebdata:\/\/74C997E2-F756-4AB1-960F-26EEFD6A84FE#_ednref8\"><sup>[viii]<\/sup><\/a>&nbsp;E. Kurlander,&nbsp;<em>\u201cBetween Detroit and Moscow\u201d: A Left Liberal \u201cThird Way\u201d in the Third Reich<\/em>, \u201cCentral European History\u201d, 44, 2011, str. 279\u2013307.<\/p>\n","protected":false},"excerpt":{"rendered":"<p>Tytu\u0142owe pytanie nie jest bynajmniej bardziej prowokacyjne ni\u017c upieranie si\u0119, \u017ce nazizm by\u0142 socjalizmem. Niestety, ale znajomo\u015b\u0107 gospodarczej historii III Rzeszy zbyt cz\u0119sto ogranicza si\u0119 do rozszyfrowania skr\u00f3tu NSDAP co, przyznajmy, nie jest nadmiernie pog\u0142\u0119bion\u0105 metod\u0105 analizy ekonomicznej. Uproszczenia wynikaj\u0105 w szczeg\u00f3lno\u015bci ze sk\u0142onno\u015bci ideologicznych, w tym zw\u0142aszcza z \u0142atwo\u015bci szafowania \u0142atk\u0105 socjalizmu i lewicowo\u015bci, [&hellip;]<\/p>\n","protected":false},"author":1,"featured_media":1012,"comment_status":"closed","ping_status":"open","sticky":false,"template":"","format":"standard","meta":{"_regular_price":[],"currency_symbol":[],"footnotes":""},"categories":[238,292],"tags":[16,350,245,14,228],"class_list":["post-1010","post","type-post","status-publish","format-standard","has-post-thumbnail","hentry","category-gospodarcze-prawdy-i-mity","category-historia-niezbyt-powszechna","tag-adolf-hitler","tag-iii-rzesza","tag-liberalizm","tag-nazizm","tag-socjalizm"],"post_slider_layout_featured_media_urls":{"thumbnail":["https:\/\/aniemowilem.pl\/wp-content\/uploads\/2026\/04\/Adolf-Hitler-And-Fritz-Thyssen-150x150.jpg",150,150,true],"post_slider_layout_landscape_large":["https:\/\/aniemowilem.pl\/wp-content\/uploads\/2026\/04\/Adolf-Hitler-And-Fritz-Thyssen.jpg",800,569,false],"post_slider_layout_portrait_large":["https:\/\/aniemowilem.pl\/wp-content\/uploads\/2026\/04\/Adolf-Hitler-And-Fritz-Thyssen.jpg",800,569,false],"post_slider_layout_square_large":["https:\/\/aniemowilem.pl\/wp-content\/uploads\/2026\/04\/Adolf-Hitler-And-Fritz-Thyssen.jpg",800,569,false],"post_slider_layout_landscape":["https:\/\/aniemowilem.pl\/wp-content\/uploads\/2026\/04\/Adolf-Hitler-And-Fritz-Thyssen-600x400.jpg",600,400,true],"post_slider_layout_portrait":["https:\/\/aniemowilem.pl\/wp-content\/uploads\/2026\/04\/Adolf-Hitler-And-Fritz-Thyssen-600x569.jpg",600,569,true],"post_slider_layout_square":["https:\/\/aniemowilem.pl\/wp-content\/uploads\/2026\/04\/Adolf-Hitler-And-Fritz-Thyssen-600x569.jpg",600,569,true],"full":["https:\/\/aniemowilem.pl\/wp-content\/uploads\/2026\/04\/Adolf-Hitler-And-Fritz-Thyssen.jpg",800,569,false]},"_links":{"self":[{"href":"https:\/\/aniemowilem.pl\/index.php?rest_route=\/wp\/v2\/posts\/1010","targetHints":{"allow":["GET"]}}],"collection":[{"href":"https:\/\/aniemowilem.pl\/index.php?rest_route=\/wp\/v2\/posts"}],"about":[{"href":"https:\/\/aniemowilem.pl\/index.php?rest_route=\/wp\/v2\/types\/post"}],"author":[{"embeddable":true,"href":"https:\/\/aniemowilem.pl\/index.php?rest_route=\/wp\/v2\/users\/1"}],"replies":[{"embeddable":true,"href":"https:\/\/aniemowilem.pl\/index.php?rest_route=%2Fwp%2Fv2%2Fcomments&post=1010"}],"version-history":[{"count":1,"href":"https:\/\/aniemowilem.pl\/index.php?rest_route=\/wp\/v2\/posts\/1010\/revisions"}],"predecessor-version":[{"id":1013,"href":"https:\/\/aniemowilem.pl\/index.php?rest_route=\/wp\/v2\/posts\/1010\/revisions\/1013"}],"wp:featuredmedia":[{"embeddable":true,"href":"https:\/\/aniemowilem.pl\/index.php?rest_route=\/wp\/v2\/media\/1012"}],"wp:attachment":[{"href":"https:\/\/aniemowilem.pl\/index.php?rest_route=%2Fwp%2Fv2%2Fmedia&parent=1010"}],"wp:term":[{"taxonomy":"category","embeddable":true,"href":"https:\/\/aniemowilem.pl\/index.php?rest_route=%2Fwp%2Fv2%2Fcategories&post=1010"},{"taxonomy":"post_tag","embeddable":true,"href":"https:\/\/aniemowilem.pl\/index.php?rest_route=%2Fwp%2Fv2%2Ftags&post=1010"}],"curies":[{"name":"wp","href":"https:\/\/api.w.org\/{rel}","templated":true}]}}