{"id":259,"date":"2024-12-11T01:46:04","date_gmt":"2024-12-11T01:46:04","guid":{"rendered":"https:\/\/aniemowilem.pl\/?p=259"},"modified":"2024-12-11T01:48:07","modified_gmt":"2024-12-11T01:48:07","slug":"kandydat-x","status":"publish","type":"post","link":"https:\/\/aniemowilem.pl\/?p=259","title":{"rendered":"Kandydat X"},"content":{"rendered":"\n<p><\/p>\n\n\n\n<p>Nie jestem zachwycony p. pos.\u00a0<strong>S\u0142awomirem Mentzenem<\/strong>\u00a0i uwa\u017cam, \u017ce zdecydowanie lepiej w roli kandydata Konfederacji sprawdzi\u0142by si\u0119\u00a0<strong>Grzegorz Braun<\/strong>\u00a0albo kto\u015b pokroju\u00a0<strong>Romana Kluski,<\/strong>\u00a0naprawd\u0119 niezale\u017cny, racjonalny, ze zmys\u0142em patriotycznym i do\u015bwiadczeniem gospodarczym.<br><\/p>\n\n\n\n<p><\/p>\n\n\n\n<p class=\"has-medium-font-size\"><strong>Wyborcy ceni\u0105 jedno\u015b\u0107<\/strong><\/p>\n\n\n\n<p><\/p>\n\n\n\n<p>Jednak w oczach wielu wyborc\u00f3w Konfederacja sta\u0142a si\u0119 ju\u017c sprawdzon\u0105 warto\u015bci\u0105, a zatem jej jedno\u015b\u0107 powinna by\u0107 (zdaniem elektoratu) zachowana. Mo\u017cna zatem rozumie\u0107 czemu mimo wewn\u0119trznych napi\u0119\u0107 i oczywistych w\u0105tpliwo\u015bci nikt nie chce przeciw owej oczekiwanej jedno\u015bci zgrzeszy\u0107. Kandydat nie jest wi\u0119c mo\u017ce najmocniejszy i najzdolniejszy, ale jest, a wobec mizerii wybra\u0144c\u00f3w POPiSu nawet pos. Mentzen znacznie zyskuje. Nie oznacza to jeszcze, rzecz jasna, \u017ce zamierzam go bezkrytycznie popiera\u0107, zreszt\u0105 przymusu oddania g\u0142osu w \u017cadnej turze wybor\u00f3w prezydenckich wci\u0105\u017c jeszcze w III RP szcz\u0119\u015bliwie nie ma.<\/p>\n\n\n\n<p><\/p>\n\n\n\n<p class=\"has-medium-font-size\"><strong>Luka w systemie?<\/strong><\/p>\n\n\n\n<p><\/p>\n\n\n\n<p>Bez popadania w przesad\u0119 mo\u017cna jednak zauwa\u017cy\u0107, \u017ce tym razem, wobec ewidentnej s\u0142abo\u015bci kandydat\u00f3w g\u0142\u00f3wnonurtowych, ju\u017c na samym starcie ca\u0142kowicie wypalonych i pustych zauwa\u017calnie nie tylko dla postronnych, ale nawet dla zwolennik\u00f3w \u2013\u00a0<strong>kto\u015b naprawd\u0119 spoza systemu m\u00f3g\u0142by co najmniej nawi\u0105za\u0107 wyr\u00f3wnan\u0105 walk\u0119 o Pa\u0142ac Prezydencki<\/strong>. I to nie ograniczaj\u0105c si\u0119 do recenzowania rzekomo powa\u017cniejszych graczy, ale przedstawiaj\u0105c ca\u0142kowicie now\u0105 narracj\u0119, odnosz\u0105c\u0105 si\u0119 do czas\u00f3w i wyzwa\u0144, kt\u00f3re dopiero Polsk\u0119 i Polak\u00f3w czekaj\u0105, a nie tych dawno minionych.<\/p>\n\n\n\n<p><\/p>\n\n\n\n<p class=\"has-medium-font-size\"><strong>Fa\u0142szywi outsiderzy<\/strong><\/p>\n\n\n\n<p><\/p>\n\n\n\n<p>Zastrzegam te\u017c od razu, \u017ce dzi\u015b nie widz\u0119 nawet kandydata na takiego kandydata, A jednak dostrzegam nie tylko potrzeb\u0119, ale i mo\u017cliwo\u015b\u0107 jego zaistnienia. Bo je\u015bli taki pretendent si\u0119 nie pojawi \u2013 zdezorientowanym wyborcom znowu s\u0105 podsumowane fa\u0142szywe flagi, w rodzaju p.\u00a0<strong>Krzysztofa Stanowskiego<\/strong>\u00a0czy wymienianej wcze\u015bniej prezenterki\u00a0<strong>Doroty Gawryluk<\/strong>. Z jednej strony ich nazwiska chodz\u0105 wyra\u017anie po to, by \u015brodowiska wysuwaj\u0105ce mog\u0142y sobie to i owo z g\u0142\u00f3wnym nurtem za\u0142atwi\u0107, z drugiej za\u015b pog\u0142\u0119biaj\u0105 tylko dezorientacj\u0119 wyborc\u00f3w wci\u0105\u017c poszukuj\u0105cych kogo\u015b nowego i spoza uk\u0142adu, cho\u0107by uk\u0142ad \u00f3w ci\u0105gn\u0105\u0142 si\u0119 za nowym cz\u0142owiekiem znik\u0105d niby spadochronowe troczki za \u0142\u0105cznikiem centrali. Zaprawd\u0119, wspomnijmy czas sprzed lat dwudziestu, gdy pierwsze miejsca sonda\u017cy przedwyborczych okupowali\u00a0<strong>Jolanta Kwa\u015bniewska<\/strong>\u00a0i\u00a0<strong>Tomasz Lis<\/strong>. A dzi\u015b, jak wida\u0107, mo\u017ce by\u0107 wszak jeszcze gorzej i faktycznie ostatni\u0105 powa\u017can\u0105 kandydatur\u0105 na placu boju pozostanie\u00a0<strong>Marianna Schreiber<\/strong>\u2026<\/p>\n\n\n\n<p><\/p>\n\n\n\n<p>Tym bardziej, \u017ce wbrew przyk\u0142adanej do nich sztucznie wadze \u2013 wybory prezydenckie nie s\u0105 realnie a\u017c tak istotne politycznie, znakomicie jednak nadaj\u0105 si\u0119 na ostry sonda\u017c nastroj\u00f3w spo\u0142ecznych, do kt\u00f3rych g\u0142\u00f3wny nurt ochoczo potem dopasowuje swe kolejne manipulacje i machlojki.<\/p>\n\n\n\n<p>No chyba, \u017ce jednak pojawi si\u0119 kandydatura X i zgarnie pul\u0119.<\/p>\n\n\n\n<p><\/p>\n\n\n\n<p class=\"has-medium-font-size\"><strong>Konrad R\u0119kas<\/strong><\/p>\n\n\n\n<p><\/p>\n","protected":false},"excerpt":{"rendered":"<p>Nie jestem zachwycony p. pos.\u00a0S\u0142awomirem Mentzenem\u00a0i uwa\u017cam, \u017ce zdecydowanie lepiej w roli kandydata Konfederacji sprawdzi\u0142by si\u0119\u00a0Grzegorz Braun\u00a0albo kto\u015b pokroju\u00a0Romana Kluski,\u00a0naprawd\u0119 niezale\u017cny, racjonalny, ze zmys\u0142em patriotycznym i do\u015bwiadczeniem gospodarczym. Wyborcy ceni\u0105 jedno\u015b\u0107 Jednak w oczach wielu wyborc\u00f3w Konfederacja sta\u0142a si\u0119 ju\u017c sprawdzon\u0105 warto\u015bci\u0105, a zatem jej jedno\u015b\u0107 powinna by\u0107 (zdaniem elektoratu) zachowana. Mo\u017cna zatem rozumie\u0107 czemu [&hellip;]<\/p>\n","protected":false},"author":1,"featured_media":261,"comment_status":"open","ping_status":"open","sticky":false,"template":"","format":"standard","meta":{"_regular_price":[],"currency_symbol":[],"footnotes":""},"categories":[6],"tags":[154,149,156,153,157,159,152,151,155,158],"class_list":["post-259","post","type-post","status-publish","format-standard","has-post-thumbnail","hentry","category-rzeczpospolita","tag-dorota-gawryluk","tag-grzegorz-braun","tag-jolanta-kwasniewska","tag-krzysztof-stanowski","tag-marianna-schreiber","tag-prezydent-rp","tag-roman-kluska","tag-slawomir-mentzen","tag-tomasz-lis","tag-wybory-prezydenckie-2025"],"post_slider_layout_featured_media_urls":{"thumbnail":["https:\/\/aniemowilem.pl\/wp-content\/uploads\/2024\/12\/Warszawa_Palac_Prezydencki-150x150.jpg",150,150,true],"post_slider_layout_landscape_large":["https:\/\/aniemowilem.pl\/wp-content\/uploads\/2024\/12\/Warszawa_Palac_Prezydencki-scaled.jpg",1200,763,false],"post_slider_layout_portrait_large":["https:\/\/aniemowilem.pl\/wp-content\/uploads\/2024\/12\/Warszawa_Palac_Prezydencki-scaled.jpg",1200,763,false],"post_slider_layout_square_large":["https:\/\/aniemowilem.pl\/wp-content\/uploads\/2024\/12\/Warszawa_Palac_Prezydencki-scaled.jpg",1200,763,false],"post_slider_layout_landscape":["https:\/\/aniemowilem.pl\/wp-content\/uploads\/2024\/12\/Warszawa_Palac_Prezydencki-scaled.jpg",600,382,false],"post_slider_layout_portrait":["https:\/\/aniemowilem.pl\/wp-content\/uploads\/2024\/12\/Warszawa_Palac_Prezydencki-scaled.jpg",600,382,false],"post_slider_layout_square":["https:\/\/aniemowilem.pl\/wp-content\/uploads\/2024\/12\/Warszawa_Palac_Prezydencki-scaled.jpg",600,382,false],"full":["https:\/\/aniemowilem.pl\/wp-content\/uploads\/2024\/12\/Warszawa_Palac_Prezydencki-scaled.jpg",2560,1628,false]},"_links":{"self":[{"href":"https:\/\/aniemowilem.pl\/index.php?rest_route=\/wp\/v2\/posts\/259","targetHints":{"allow":["GET"]}}],"collection":[{"href":"https:\/\/aniemowilem.pl\/index.php?rest_route=\/wp\/v2\/posts"}],"about":[{"href":"https:\/\/aniemowilem.pl\/index.php?rest_route=\/wp\/v2\/types\/post"}],"author":[{"embeddable":true,"href":"https:\/\/aniemowilem.pl\/index.php?rest_route=\/wp\/v2\/users\/1"}],"replies":[{"embeddable":true,"href":"https:\/\/aniemowilem.pl\/index.php?rest_route=%2Fwp%2Fv2%2Fcomments&post=259"}],"version-history":[{"count":2,"href":"https:\/\/aniemowilem.pl\/index.php?rest_route=\/wp\/v2\/posts\/259\/revisions"}],"predecessor-version":[{"id":262,"href":"https:\/\/aniemowilem.pl\/index.php?rest_route=\/wp\/v2\/posts\/259\/revisions\/262"}],"wp:featuredmedia":[{"embeddable":true,"href":"https:\/\/aniemowilem.pl\/index.php?rest_route=\/wp\/v2\/media\/261"}],"wp:attachment":[{"href":"https:\/\/aniemowilem.pl\/index.php?rest_route=%2Fwp%2Fv2%2Fmedia&parent=259"}],"wp:term":[{"taxonomy":"category","embeddable":true,"href":"https:\/\/aniemowilem.pl\/index.php?rest_route=%2Fwp%2Fv2%2Fcategories&post=259"},{"taxonomy":"post_tag","embeddable":true,"href":"https:\/\/aniemowilem.pl\/index.php?rest_route=%2Fwp%2Fv2%2Ftags&post=259"}],"curies":[{"name":"wp","href":"https:\/\/api.w.org\/{rel}","templated":true}]}}