{"id":408,"date":"2025-01-10T23:06:50","date_gmt":"2025-01-10T23:06:50","guid":{"rendered":"https:\/\/aniemowilem.pl\/?p=408"},"modified":"2025-01-11T01:07:40","modified_gmt":"2025-01-11T01:07:40","slug":"polacy-chca-wyzszych-podatkow-i-drozszej-wodki","status":"publish","type":"post","link":"https:\/\/aniemowilem.pl\/?p=408","title":{"rendered":"Polacy chc\u0105 wy\u017cszych podatk\u00f3w i dro\u017cszej w\u00f3dki?"},"content":{"rendered":"\n<p><\/p>\n\n\n\n<p>Tak w ka\u017cdym razie media stre\u015bci\u0142y wyniki badania przeprowadzonego przez agencj\u0119 SW Research.&nbsp;<em>\u201eOp\u0142aty od \u201ema\u0142pek\u201d powinny zosta\u0107 podniesione, a akcyza na w\u00f3dk\u0119 powinna pozosta\u0107 wy\u017csza ni\u017c na piwo &#8211; tak\u0105 opini\u0119 wyrazi\u0142a blisko po\u0142owa respondent\u00f3w agencji badawczej SW Research. Wi\u0119cej (57 proc.) twierdzi, \u017ce w\u00f3dka w ma\u0142ych butelkach jest zbyt dost\u0119pna, a 45 proc. badanych zgadza si\u0119 z postulatem wprowadzenia zakazu sprzeda\u017cy \u201ema\u0142pek\u201d\u201d&nbsp;<\/em>\u2013&nbsp;<a href=\"https:\/\/biznes.interia.pl\/gospodarka\/news-polacy-przeciwnikami-malpek-chca-zeby-podrozaly,nId,7888963#utm_source=paste&amp;utm_medium=paste&amp;utm_campaign=safari\">poda\u0142a<\/a> Interia.&nbsp;<\/p>\n\n\n\n<p><\/p>\n\n\n\n<p>Sk\u0105din\u0105d bardzo ceniony przeze mnie red.&nbsp;<strong>\u0141ukasz Warzecha<\/strong>&nbsp;stwierdzi\u0142 w komentarzu na X, \u017ce jest to kolejny dow\u00f3d na to, i\u017c \u201e<em>Polacy to nar\u00f3d, kt\u00f3ry w ogromnej swojej cz\u0119\u015bci uwielbia by\u0107 trzymany przez socjalist\u00f3w za mord\u0119\u201d<\/em>. C\u00f3\u017c, jak pisa\u0142em wielokrotnie, my Polacy jeste\u015bmy tylko narodem niewolnik\u00f3w, kt\u00f3rzy \u015bni\u0105, \u017ce s\u0105 Kmicicami, jednak w tym przypadku nie tyle o \u201e<em>socjalizm\u201d,<\/em>&nbsp;co o socjologi\u0119, w dodatku stosowan\u0105.&nbsp;<\/p>\n\n\n\n<p><\/p>\n\n\n\n<p class=\"has-medium-font-size\"><strong>By\u0107 na TAK!<\/strong><\/p>\n\n\n\n<p><\/p>\n\n\n\n<p>Od strony technicznej mo\u017ce to bowiem wygl\u0105da\u0107 np. tak:<\/p>\n\n\n\n<p><\/p>\n\n\n\n<p>Przychodzi \/ dzwoni m\u0142oda dama i pyta:<\/p>\n\n\n\n<p><\/p>\n\n\n\n<p>&#8211; Czy martwi ci\u0119 ilo\u015b\u0107 alkoholu spo\u017cywanego przez Polak\u00f3w?<\/p>\n\n\n\n<p><\/p>\n\n\n\n<p>&#8211; Czy obawiasz si\u0119 wzrostu przest\u0119pczo\u015bci pospolitej, kt\u00f3rej sprawcy znajduj\u0105 si\u0119 pod wp\u0142ywem alkoholu?<\/p>\n\n\n\n<p><\/p>\n\n\n\n<p>&#8211; Czy uwa\u017casz, \u017ce alkohol nie powinien by\u0107 dost\u0119pny dla dzieci i m\u0142odzie\u017cy?<\/p>\n\n\n\n<p><\/p>\n\n\n\n<p>&#8211; Czy popierasz dzia\u0142ania rz\u0105du na rzecz zmniejszenia ilo\u015bci wypadk\u00f3w samochodowych spowodowanych pod wp\u0142ywem alkoholu?<\/p>\n\n\n\n<p><\/p>\n\n\n\n<p><strong><u>&#8211; Czy jeste\u015b za zakazem sprzeda\u017cy alkoholu w opakowaniach u\u0142atwiaj\u0105cych spo\u017cycie m\u0142odzie\u017cy, kierowcom i chuliganom?<\/u><\/strong><\/p>\n\n\n\n<p><\/p>\n\n\n\n<p>Dzi\u0119kuj\u0119, the defense rests.<\/p>\n\n\n\n<p><\/p>\n\n\n\n<p class=\"has-medium-font-size\"><strong>I TAK te\u017c&#8230;<\/strong><\/p>\n\n\n\n<p>Oczywi\u015bcie jednak mo\u017cna by bada\u0107 i tak:<\/p>\n\n\n\n<p><\/p>\n\n\n\n<p>&#8211; Czy uwa\u017casz, \u017ce dzia\u0142alno\u015b\u0107 gospodarcza w Polsce jest przeregulowana?<\/p>\n\n\n\n<p><\/p>\n\n\n\n<p>&#8211; Czy popierasz obni\u017cenie podatk\u00f3w szczeg\u00f3lnie dotkliwych dla najubo\u017cszych, w tym akcyzy?<\/p>\n\n\n\n<p><\/p>\n\n\n\n<p>&#8211; Czy jeste\u015b za wspieraniem lokalnego handlu, w tym zw\u0142aszcza rodzinnych sklep\u00f3w osiedlowych?<\/p>\n\n\n\n<p><\/p>\n\n\n\n<p>&#8211; Czy uwa\u017casz, \u017ce politycy zajmuj\u0105 si\u0119 tematami zast\u0119pczymi zamiast rozwi\u0105zywa\u0107 naprawd\u0119 istotne problemy spo\u0142eczne?<\/p>\n\n\n\n<p><\/p>\n\n\n\n<p><strong><u>&#8211; Czy jeste\u015b przeciw regulowaniu przez pa\u0144stwo wielko\u015bci opakowa\u0144, w jakich sprzedawane s\u0105 towary dopuszczone do legalnego obrotu w Polsce?<\/u><\/strong><\/p>\n\n\n\n<p><\/p>\n\n\n\n<p>I jak Pa\u0144stwo my\u015blicie, jaki by\u0142by wynik takiego badania, nawet przeprowadzone na tej samej grupie?<\/p>\n\n\n\n<p><\/p>\n\n\n\n<p>Rzecz jasna nie oznacza to te\u017c koniecznie, \u017ce do wszystkich podchodz\u0105cych ze s\u0142owami \u201e<em>Dzie\u0144 dobry, jestem ankieterem niezale\u017cnego o\u015brodka badania opinii publicznej, czy m\u00f3g\u0142bym\u2026\u201d<\/em>\u00a0nale\u017cy strzela\u0107 bez uprzedzenia. Je\u015bli ju\u017c jednak chodzi o tych op\u0142acaj\u0105cych tym podobne ankiety \u2013 to ju\u017c wyb\u00f3r nale\u017cy do Pa\u0144stwa.<\/p>\n\n\n\n<p><\/p>\n\n\n\n<p>I jest to bodaj jedyny \u015bwiadomy wyb\u00f3r, jakiego w tym i zbli\u017conych przypadkach jeste\u015bmy w stanie dokona\u0107.<\/p>\n\n\n\n<p><\/p>\n\n\n\n<p><strong>Konrad R\u0119kas<\/strong><\/p>\n\n\n\n<p><\/p>\n\n\n\n<p><strong>PS.&nbsp;<\/strong>A zreszt\u0105 to wszystko ju\u017c przecie\u017c by\u0142o. Np. w politycznym (?)&nbsp;<a href=\"https:\/\/www.youtube.com\/watch?v=ahgjEjJkZks\">serialu seriali<\/a>, \u201e<em>Yes, Prime Minister<\/em>\u201d.<\/p>\n\n\n\n<p><\/p>\n","protected":false},"excerpt":{"rendered":"<p>Tak w ka\u017cdym razie media stre\u015bci\u0142y wyniki badania przeprowadzonego przez agencj\u0119 SW Research.&nbsp;\u201eOp\u0142aty od \u201ema\u0142pek\u201d powinny zosta\u0107 podniesione, a akcyza na w\u00f3dk\u0119 powinna pozosta\u0107 wy\u017csza ni\u017c na piwo &#8211; tak\u0105 opini\u0119 wyrazi\u0142a blisko po\u0142owa respondent\u00f3w agencji badawczej SW Research. Wi\u0119cej (57 proc.) twierdzi, \u017ce w\u00f3dka w ma\u0142ych butelkach jest zbyt dost\u0119pna, a 45 proc. badanych [&hellip;]<\/p>\n","protected":false},"author":1,"featured_media":409,"comment_status":"open","ping_status":"open","sticky":false,"template":"","format":"standard","meta":{"_regular_price":[],"currency_symbol":[],"footnotes":""},"categories":[238,6],"tags":[300,304,305,302,306,253,301],"class_list":["post-408","post","type-post","status-publish","format-standard","has-post-thumbnail","hentry","category-gospodarcze-prawdy-i-mity","category-rzeczpospolita","tag-akcyza","tag-badania-opinii-publicznej","tag-brukselki","tag-malpki","tag-podatki","tag-socjologia","tag-wodka"],"post_slider_layout_featured_media_urls":{"thumbnail":["https:\/\/aniemowilem.pl\/wp-content\/uploads\/2025\/01\/88055-150x150.jpg",150,150,true],"post_slider_layout_landscape_large":["https:\/\/aniemowilem.pl\/wp-content\/uploads\/2025\/01\/88055.jpg",876,525,false],"post_slider_layout_portrait_large":["https:\/\/aniemowilem.pl\/wp-content\/uploads\/2025\/01\/88055.jpg",876,525,false],"post_slider_layout_square_large":["https:\/\/aniemowilem.pl\/wp-content\/uploads\/2025\/01\/88055.jpg",876,525,false],"post_slider_layout_landscape":["https:\/\/aniemowilem.pl\/wp-content\/uploads\/2025\/01\/88055.jpg",600,360,false],"post_slider_layout_portrait":["https:\/\/aniemowilem.pl\/wp-content\/uploads\/2025\/01\/88055.jpg",600,360,false],"post_slider_layout_square":["https:\/\/aniemowilem.pl\/wp-content\/uploads\/2025\/01\/88055.jpg",600,360,false],"full":["https:\/\/aniemowilem.pl\/wp-content\/uploads\/2025\/01\/88055.jpg",876,525,false]},"_links":{"self":[{"href":"https:\/\/aniemowilem.pl\/index.php?rest_route=\/wp\/v2\/posts\/408","targetHints":{"allow":["GET"]}}],"collection":[{"href":"https:\/\/aniemowilem.pl\/index.php?rest_route=\/wp\/v2\/posts"}],"about":[{"href":"https:\/\/aniemowilem.pl\/index.php?rest_route=\/wp\/v2\/types\/post"}],"author":[{"embeddable":true,"href":"https:\/\/aniemowilem.pl\/index.php?rest_route=\/wp\/v2\/users\/1"}],"replies":[{"embeddable":true,"href":"https:\/\/aniemowilem.pl\/index.php?rest_route=%2Fwp%2Fv2%2Fcomments&post=408"}],"version-history":[{"count":3,"href":"https:\/\/aniemowilem.pl\/index.php?rest_route=\/wp\/v2\/posts\/408\/revisions"}],"predecessor-version":[{"id":413,"href":"https:\/\/aniemowilem.pl\/index.php?rest_route=\/wp\/v2\/posts\/408\/revisions\/413"}],"wp:featuredmedia":[{"embeddable":true,"href":"https:\/\/aniemowilem.pl\/index.php?rest_route=\/wp\/v2\/media\/409"}],"wp:attachment":[{"href":"https:\/\/aniemowilem.pl\/index.php?rest_route=%2Fwp%2Fv2%2Fmedia&parent=408"}],"wp:term":[{"taxonomy":"category","embeddable":true,"href":"https:\/\/aniemowilem.pl\/index.php?rest_route=%2Fwp%2Fv2%2Fcategories&post=408"},{"taxonomy":"post_tag","embeddable":true,"href":"https:\/\/aniemowilem.pl\/index.php?rest_route=%2Fwp%2Fv2%2Ftags&post=408"}],"curies":[{"name":"wp","href":"https:\/\/api.w.org\/{rel}","templated":true}]}}