{"id":520,"date":"2025-02-02T16:04:34","date_gmt":"2025-02-02T16:04:34","guid":{"rendered":"https:\/\/aniemowilem.pl\/?p=520"},"modified":"2025-02-02T16:06:57","modified_gmt":"2025-02-02T16:06:57","slug":"izolacjonizm-czy-zmiana-dyskursu","status":"publish","type":"post","link":"https:\/\/aniemowilem.pl\/?p=520","title":{"rendered":"Izolacjonizm czy zmiana dyskursu?"},"content":{"rendered":"\n<p><\/p>\n\n\n\n<p>Ci\u0119\u017cko jest prowadzi\u0107 wojn\u0119 kulturow\u0105 z kulturowym hegemonem, kt\u00f3re nagle zmieni\u0142 narracj\u0119. St\u0105d ca\u0142e zagubienie liberalnych lider\u00f3w post\u0119pu, wszak dotychczas prezydenci si\u0119 zmieniali, ale linia w sprawach takich jak transgender, klimat czy w og\u00f3le woke pozostawa\u0142a niezmienna. Trzymano si\u0119 jej nie dlatego, \u017ce wierzono w jej s\u0142uszno\u015b\u0107, ale bo przychodzi\u0142a od hegemona. A co teraz?<\/p>\n\n\n\n<p><\/p>\n\n\n\n<p class=\"has-medium-font-size\"><strong>Ile jest p\u0142ci poza Ameryk\u0105?<\/strong><\/p>\n\n\n\n<p><\/p>\n\n\n\n<p>Najwa\u017cniejsze pytanie dotyczy samookre\u015blenia si\u0119 USA. O\u015bwiadczenie \u201e<em>dla ameryka\u0144skiej administracji s\u0105 od dzi\u015b tylko dwie p\u0142cie<\/em>\u201d nie jest wystarczaj\u0105co prost\u0105 wskaz\u00f3wk\u0105 dla reszty \u015bwiata. Czy Amerykanie wracaj\u0105 do normalno\u015bci tylko na potrzeby wewn\u0119trzne, m\u00f3wi\u0105c strefie zale\u017cnej \u201e<em>Miejcie sobie ile chcecie p\u0142ci, byle\u015bcie p\u0142acili nam c\u0142a<\/em>\u201d, czy te\u017c nadal b\u0119d\u0105 kontynuowa\u0107 swoj\u0105 misyjno\u015b\u0107 w imi\u0119 kulturowej hegemonii, tylko odwracaj\u0105c jej zwrot? Do niedawna za nierozpoznawanie odpowiednio du\u017cej liczby zaimk\u00f3w l\u0105dowa\u0142o si\u0119 na li\u015bcie sankcyjnej departamentu stanu. Czy teraz to samo b\u0119dzie czeka\u0107 za agresywn\u0105 promocj\u0119 transgender, czy te\u017c Waszyngton wysy\u0142a sygna\u0142, \u017ce ma to gdzie\u015b?<\/p>\n\n\n\n<p><\/p>\n\n\n\n<p>To fundamentalna r\u00f3\u017cnica, definiuj\u0105ca czy rzeczywi\u015bcie mamy do czynienia z ameryka\u0144skim izolacjonizmem, czy jednak z d\u0105\u017ceniem do utrzymania hegemonii, tylko w oparciu o zmieniony przekaz. Bez wyja\u015bnienia tych kwestii trudno prognozowa\u0107 cho\u0107by rozw\u00f3j stosunk\u00f3w ameryka\u0144sko-europejskich czy wewn\u0119trzny uk\u0142ad si\u0142 w strefie ameryka\u0144skiej, III RP nie wy\u0142\u0105czaj\u0105c. To co\u015b znacznie powa\u017cniejszego ni\u017c dziecinne podskakiwanie w oczekiwaniu, a\u017c przyjd\u0105 Amerykanie i wymieni\u0105&nbsp;<strong>Tuska<\/strong>&nbsp;na&nbsp;<strong>Nawrockiego<\/strong>&nbsp;czy&nbsp;<strong>Mentzena<\/strong>&nbsp;i&nbsp;<strong>Starmera&nbsp;<\/strong>na<strong>&nbsp;Farage\u2019a<\/strong>&nbsp;i&nbsp;<strong>Robinsona<\/strong>.&nbsp;<\/p>\n\n\n\n<p><\/p>\n\n\n\n<p class=\"has-medium-font-size\"><strong>Klimatyzm vs. ameryka\u0144ski eksport energetyczny<\/strong><\/p>\n\n\n\n<p><\/p>\n\n\n\n<p>Kwestie przenikania si\u0119 dyskursu i ideologii oraz gospodarki najlepiej chyba wida\u0107 na przyk\u0142adzie klimatyzmu, kt\u00f3ry jako projekt transformacji energetycznej jest skrojony pod zamys\u0142 opracowany dla pozbawionych w\u0142asnych surowc\u00f3w energetycznych Europy Zachodniej (z nielicznymi wyj\u0105tkami, jak Szkocja, Norwegia i Holandia) oraz\u2026 Chin. Pozostawienie Europejczykom prawa do opowiadania bajek o zbawiennym wp\u0142ywie redukcji emisji CO<sub>2<\/sub>&nbsp;bezpo\u015brednio kolidowa\u0142oby zatem z planami oparcia ameryka\u0144skiej odbudowy gospodarczej na eksporcie ropy i LNG. Jasne, dotychczas udawa\u0142o si\u0119 po\u0142\u0105czy\u0107 agresywn\u0105 frazeologi\u0119 klimatyczn\u0105 z uzale\u017cnianiem europejskich rynk\u00f3w energii od ameryka\u0144skich dostaw. Docelowo jednak, niezale\u017cnie od tego jak nierealistyczne wydaje si\u0119 dzi\u015b ca\u0142kowite odej\u015bcie od w\u0119glowodor\u00f3w \u2013 transformacja mia\u0142aby uczyni\u0107 paliwa pomostowe ca\u0142kowicie zb\u0119dnymi. Czy wi\u0119c Ameryce&nbsp;<strong>Trumpa<\/strong>i&nbsp;<strong>Muska<\/strong>&nbsp;wystarczy, \u017ce sama wypowiedzia\u0142a ideologiczne cele porozumienia paryskiego, czy te\u017c uzna za sw\u00f3j interes przymuszenie wasali do porzucenia klimatyzmu?<\/p>\n\n\n\n<p><\/p>\n\n\n\n<p>Chodzi wi\u0119c o to czy nadal mo\u017cna by\u0107 progresywnym, przebudzonym, niebinarnym liberaliszczem, kt\u00f3re z perspektywy dyskursu obowi\u0105zuj\u0105cego dla Londynu, Pary\u017ca i Wilanowa mo\u017ce spa\u0107 spokojne, bo haracz dla tego okropnego prymitywa w Bia\u0142ym Domu i tak wypracuj\u0105 prole i imigranci \u2013 czy te\u017c hegemon szykuje i przeprowadzi powszechn\u0105 zmian\u0119 dekoracji i czy tylko dekoracji?<\/p>\n\n\n\n<p><\/p>\n\n\n\n<p class=\"has-medium-font-size\"><strong>Konrad R\u0119kas<\/strong><\/p>\n","protected":false},"excerpt":{"rendered":"<p>Ci\u0119\u017cko jest prowadzi\u0107 wojn\u0119 kulturow\u0105 z kulturowym hegemonem, kt\u00f3re nagle zmieni\u0142 narracj\u0119. St\u0105d ca\u0142e zagubienie liberalnych lider\u00f3w post\u0119pu, wszak dotychczas prezydenci si\u0119 zmieniali, ale linia w sprawach takich jak transgender, klimat czy w og\u00f3le woke pozostawa\u0142a niezmienna. Trzymano si\u0119 jej nie dlatego, \u017ce wierzono w jej s\u0142uszno\u015b\u0107, ale bo przychodzi\u0142a od hegemona. A co teraz? [&hellip;]<\/p>\n","protected":false},"author":1,"featured_media":521,"comment_status":"open","ping_status":"open","sticky":false,"template":"","format":"standard","meta":{"_regular_price":[],"currency_symbol":[],"footnotes":""},"categories":[2,238,8],"tags":[82,331,197,245,371,370],"class_list":["post-520","post","type-post","status-publish","format-standard","has-post-thumbnail","hentry","category-ciemno","category-gospodarcze-prawdy-i-mity","category-3wojna","tag-donald-trump","tag-elon-musk","tag-klimatyzm","tag-liberalizm","tag-transformacja-energetyczna","tag-woke"],"post_slider_layout_featured_media_urls":{"thumbnail":["https:\/\/aniemowilem.pl\/wp-content\/uploads\/2025\/02\/90-150x150.jpeg",150,150,true],"post_slider_layout_landscape_large":["https:\/\/aniemowilem.pl\/wp-content\/uploads\/2025\/02\/90.jpeg",1200,650,false],"post_slider_layout_portrait_large":["https:\/\/aniemowilem.pl\/wp-content\/uploads\/2025\/02\/90.jpeg",1200,650,false],"post_slider_layout_square_large":["https:\/\/aniemowilem.pl\/wp-content\/uploads\/2025\/02\/90.jpeg",1200,650,false],"post_slider_layout_landscape":["https:\/\/aniemowilem.pl\/wp-content\/uploads\/2025\/02\/90-600x400.jpeg",600,400,true],"post_slider_layout_portrait":["https:\/\/aniemowilem.pl\/wp-content\/uploads\/2025\/02\/90-600x650.jpeg",600,650,true],"post_slider_layout_square":["https:\/\/aniemowilem.pl\/wp-content\/uploads\/2025\/02\/90-600x600.jpeg",600,600,true],"full":["https:\/\/aniemowilem.pl\/wp-content\/uploads\/2025\/02\/90.jpeg",1200,650,false]},"_links":{"self":[{"href":"https:\/\/aniemowilem.pl\/index.php?rest_route=\/wp\/v2\/posts\/520","targetHints":{"allow":["GET"]}}],"collection":[{"href":"https:\/\/aniemowilem.pl\/index.php?rest_route=\/wp\/v2\/posts"}],"about":[{"href":"https:\/\/aniemowilem.pl\/index.php?rest_route=\/wp\/v2\/types\/post"}],"author":[{"embeddable":true,"href":"https:\/\/aniemowilem.pl\/index.php?rest_route=\/wp\/v2\/users\/1"}],"replies":[{"embeddable":true,"href":"https:\/\/aniemowilem.pl\/index.php?rest_route=%2Fwp%2Fv2%2Fcomments&post=520"}],"version-history":[{"count":2,"href":"https:\/\/aniemowilem.pl\/index.php?rest_route=\/wp\/v2\/posts\/520\/revisions"}],"predecessor-version":[{"id":523,"href":"https:\/\/aniemowilem.pl\/index.php?rest_route=\/wp\/v2\/posts\/520\/revisions\/523"}],"wp:featuredmedia":[{"embeddable":true,"href":"https:\/\/aniemowilem.pl\/index.php?rest_route=\/wp\/v2\/media\/521"}],"wp:attachment":[{"href":"https:\/\/aniemowilem.pl\/index.php?rest_route=%2Fwp%2Fv2%2Fmedia&parent=520"}],"wp:term":[{"taxonomy":"category","embeddable":true,"href":"https:\/\/aniemowilem.pl\/index.php?rest_route=%2Fwp%2Fv2%2Fcategories&post=520"},{"taxonomy":"post_tag","embeddable":true,"href":"https:\/\/aniemowilem.pl\/index.php?rest_route=%2Fwp%2Fv2%2Ftags&post=520"}],"curies":[{"name":"wp","href":"https:\/\/api.w.org\/{rel}","templated":true}]}}